{"id":1265,"date":"2015-10-26T13:52:27","date_gmt":"2015-10-26T13:52:27","guid":{"rendered":"http:\/\/rubato.cz\/?p=1265"},"modified":"2025-01-02T13:02:41","modified_gmt":"2025-01-02T13:02:41","slug":"edouard-leve-sebevrazda-2","status":"publish","type":"post","link":"http:\/\/rubato.cz\/?p=1265","title":{"rendered":"\u00c9douard Lev\u00e9 \u2014 Autoportr\u00e9t"},"content":{"rendered":"<div class=\"page\" title=\"Page 2\">\n<div class=\"section\">\n<div class=\"layoutArea\">\n<div class=\"column\">\n<p>V po\u0159ad\u00ed t\u0159et\u00ed prozaick\u00fd text fotografa, konceptu\u00e1ln\u00edho um\u011blce a spisovatele \u00c9douarda Lev\u00e9ho (1965\u20132007) sv\u00fdm pojet\u00edm zklame o\u010dek\u00e1v\u00e1n\u00ed, kter\u00e1 by jeho n\u00e1zev mohl vzbuzovat (kv\u016fli opakov\u00e1n\u00ed): Lev\u00e9 nep\u0159edkl\u00e1d\u00e1 chronologicky \u010di tematicky uspo\u0159\u00e1danou biografii, n\u00fdbr\u017e se zd\u00e1nlivou sv\u00e9volnost\u00ed skl\u00e1d\u00e1 sv\u016fj portr\u00e9t z kr\u00e1tk\u00fdch afirmativn\u00edch sd\u011blen\u00ed v prvn\u00ed osob\u011b. T\u011bsn\u011b k sob\u011b tak p\u0159il\u00e9haj\u00ed nesourod\u00e1 vyj\u00e1d\u0159en\u00ed o jeho t\u011blesnosti s kr\u00e1tk\u00fdmi historkami, banalitami \u010di se sebezpytn\u00fdm p\u0159em\u00edt\u00e1n\u00edm. Stejn\u011b jako u jeho fotografick\u00fdch cykl\u016f vznik\u00e1 v\u00fdsledn\u00fd dojem a\u017e v procesu kumulace prvk\u016f \u2013 nahromad\u011bn\u00e9 detaily postupn\u011b skl\u00e1daj\u00ed st\u00e1le \u00fapln\u011bj\u0161\u00ed mozaiku. V\u00fdsledkem je rytmizovan\u00e1 struktura, jak\u00e1si melodie obrazu, kter\u00e1 jeho autoportr\u00e9t nech\u00e1v\u00e1 zazn\u00edt ve sv\u00e9 ned\u011bliteln\u00e9 zavr\u0161enosti.<\/p>\n<p>Lev\u00e9 psal <em>Autoportr\u00e9t<\/em> v obdob\u00ed t\u011b\u017ek\u00fdch depresivn\u00edch stav\u016f, kdy byl zachv\u00e1cen panikou z p\u0159edtuchy brzk\u00e9 smrti. Pokusil se tedy zanechat po sob\u011b stopu a co nej\u00fasporn\u011bj\u0161\u00edm, nejsev\u0159en\u011bj\u0161\u00edm stylem zaznamenat v\u0161e, co m\u00e1 brzy propadnout z\u00e1niku. \u201eJe to otisk m\u00e9ho mozku, obsesivn\u00ed a spont\u00e1nn\u00ed.\u201c<\/p>\n<p>Jeho prost\u00fd, sugestivn\u00ed zp\u016fsob ztv\u00e1rn\u011bn\u00ed subjektivity nut\u00ed \u010dten\u00e1\u0159e ke konfrontaci se svou vlastn\u00ed identitou.<\/p>\n<\/div>\n<\/div>\n<\/div>\n<\/div>\n<p style=\"text-align: right;\">vy\u0161lo 11\u00a0| 2015<br \/>\nISBN 978-80-87705-35-3<br \/>\n106 stran, doporu\u010den\u00e1 cena: 200 K\u010d<\/p>\n<p style=\"text-align: right;\">P\u0159eklad Veronika Mati\u00e1\u0161kov\u00e1<\/p>\n<p style=\"text-align: right;\"><a href=\"http:\/\/rubato.cz\/wp-content\/uploads\/2015\/10\/autoportret.pdf\">UK\u00c1ZKA<\/a><\/p>\n<p><a href=\"http:\/\/rubato.cz\/wp-content\/uploads\/2015\/11\/2015-11-12-08.28.50.jpg\" rel=\"attachment wp-att-1298\"><img loading=\"lazy\" decoding=\"async\" class=\"alignnone wp-image-1298 size-full\" src=\"http:\/\/rubato.cz\/wp-content\/uploads\/2015\/11\/2015-11-12-08.28.50.jpg\" alt=\"\" width=\"2448\" height=\"3264\" srcset=\"http:\/\/rubato.cz\/wp-content\/uploads\/2015\/11\/2015-11-12-08.28.50.jpg 2448w, http:\/\/rubato.cz\/wp-content\/uploads\/2015\/11\/2015-11-12-08.28.50-225x300.jpg 225w, http:\/\/rubato.cz\/wp-content\/uploads\/2015\/11\/2015-11-12-08.28.50-768x1024.jpg 768w, http:\/\/rubato.cz\/wp-content\/uploads\/2015\/11\/2015-11-12-08.28.50-960x1280.jpg 960w\" sizes=\"auto, (max-width: 2448px) 100vw, 2448px\" \/><\/a><\/p>\n","protected":false},"excerpt":{"rendered":"<p>V po\u0159ad\u00ed t\u0159et\u00ed prozaick\u00fd text fotografa, konceptu\u00e1ln\u00edho um\u011blce a spisovatele \u00c9douarda Lev\u00e9ho (1965\u20132007) sv\u00fdm pojet\u00edm zklame o\u010dek\u00e1v\u00e1n\u00ed, kter\u00e1 by jeho n\u00e1zev mohl vzbuzovat (kv\u016fli opakov\u00e1n\u00ed): Lev\u00e9 nep\u0159edkl\u00e1d\u00e1 chronologicky \u010di tematicky uspo\u0159\u00e1danou biografii, n\u00fdbr\u017e se zd\u00e1nlivou sv\u00e9volnost\u00ed skl\u00e1d\u00e1 sv\u016fj portr\u00e9t z kr\u00e1tk\u00fdch afirmativn\u00edch sd\u011blen\u00ed v prvn\u00ed osob\u011b. T\u011bsn\u011b k sob\u011b tak p\u0159il\u00e9haj\u00ed nesourod\u00e1 vyj\u00e1d\u0159en\u00ed o jeho [&hellip;]<\/p>\n","protected":false},"author":1,"featured_media":0,"comment_status":"open","ping_status":"open","sticky":false,"template":"","format":"standard","meta":{"footnotes":""},"categories":[1],"tags":[52,17,18,63,12,11],"class_list":["post-1265","post","type-post","status-publish","format-standard","hentry","category-oknihach","tag-autoportret","tag-edouard","tag-leve","tag-matiaskova","tag-proza","tag-rubato"],"_links":{"self":[{"href":"http:\/\/rubato.cz\/index.php?rest_route=\/wp\/v2\/posts\/1265","targetHints":{"allow":["GET"]}}],"collection":[{"href":"http:\/\/rubato.cz\/index.php?rest_route=\/wp\/v2\/posts"}],"about":[{"href":"http:\/\/rubato.cz\/index.php?rest_route=\/wp\/v2\/types\/post"}],"author":[{"embeddable":true,"href":"http:\/\/rubato.cz\/index.php?rest_route=\/wp\/v2\/users\/1"}],"replies":[{"embeddable":true,"href":"http:\/\/rubato.cz\/index.php?rest_route=%2Fwp%2Fv2%2Fcomments&post=1265"}],"version-history":[{"count":11,"href":"http:\/\/rubato.cz\/index.php?rest_route=\/wp\/v2\/posts\/1265\/revisions"}],"predecessor-version":[{"id":2579,"href":"http:\/\/rubato.cz\/index.php?rest_route=\/wp\/v2\/posts\/1265\/revisions\/2579"}],"wp:attachment":[{"href":"http:\/\/rubato.cz\/index.php?rest_route=%2Fwp%2Fv2%2Fmedia&parent=1265"}],"wp:term":[{"taxonomy":"category","embeddable":true,"href":"http:\/\/rubato.cz\/index.php?rest_route=%2Fwp%2Fv2%2Fcategories&post=1265"},{"taxonomy":"post_tag","embeddable":true,"href":"http:\/\/rubato.cz\/index.php?rest_route=%2Fwp%2Fv2%2Ftags&post=1265"}],"curies":[{"name":"wp","href":"https:\/\/api.w.org\/{rel}","templated":true}]}}