{"id":2015,"date":"2021-07-27T07:11:21","date_gmt":"2021-07-27T07:11:21","guid":{"rendered":"http:\/\/rubato.cz\/?p=2015"},"modified":"2024-12-01T21:13:36","modified_gmt":"2024-12-01T21:13:36","slug":"gerhard-ruhm-prurez","status":"publish","type":"post","link":"http:\/\/rubato.cz\/?p=2015","title":{"rendered":"Gerhard R\u00fchm \u2014 Pr\u016f\u0159ez"},"content":{"rendered":"\n<p>Gerhard R\u00fchm (*1930) pat\u0159\u00ed ke kl\u00ed\u010dov\u00fdm postav\u00e1m evropsk\u00e9 liter\u00e1rn\u00ed neoavantgardy. Studoval hudbu, specializoval se na dodekafonii a orient\u00e1ln\u00ed hudebn\u00ed postupy, v pades\u00e1t\u00fdch a \u0161edes\u00e1t\u00fdch letech byl \u010dlenem legend\u00e1rn\u00ed Wiener Gruppe, pozd\u011bji p\u016fsobil v Berl\u00edn\u011b a Hamburku, dnes \u017eije a tvo\u0159\u00ed v Kol\u00edn\u011b nad R\u00fdnem. Jeho tvorba se vyzna\u010duje intermedi\u00e1ln\u00edmi pr\u016fniky mezi jazykem a hudbou, tak\u00e9 mezi jazykem a obrazem. P\u00ed\u0161e poezii, pr\u00f3zu, dramatick\u00e9 texty, skladby pro klav\u00edr, vytvo\u0159il \u0159adu pozoruhodn\u00fdch rozhlasov\u00fdch her, \u0161anson\u016f a hudebn\u00edch kompozic, vizu\u00e1ln\u00edch skladeb, kol\u00e1\u017e\u00ed, grafik. Jeho texty vych\u00e1zej\u00ed z jazykov\u011b reflexivn\u00edch sm\u011br\u016f, jako je konkr\u00e9tn\u00ed poezie nebo dadaismus, v obdob\u00ed Wiener Gruppe jsou patrn\u00e9 t\u00e9\u017e vlivy surrealismu nebo \u010dern\u00e9 romantiky. R\u00fchm dodnes dok\u00e1\u017ee provokovat: mj. d\u016fmysln\u011b pracuje s pornografick\u00fdmi motivy, st\u0159\u00edl\u00ed si z k\u0159es\u0165anstv\u00ed, \u010dasto vz\u00fdv\u00e1 estetiku o\u0161klivosti, vulgarismu \u010di banality. Provokace u n\u011bj ov\u0161em nikdy nen\u00ed samo\u00fa\u010deln\u00e1, z principu poukazuje na to, \u017ee v z\u00e1sad\u011b neexistuje nic, co by se nemohlo st\u00e1t sou\u010d\u00e1st\u00ed poetick\u00e9ho univerza. P\u0159i ve\u0161ker\u00e9m medi\u00e1ln\u00edm a tematick\u00e9m rozp\u011bt\u00ed je v\u0161ak R\u00fchm paradoxn\u011b minimalistou, tv\u016frcem, kter\u00fd dok\u00e1\u017ee vyk\u0159esat poetick\u00fd \u00fa\u010dinek z pouh\u00e9ho jednoduch\u00e9ho tahu tu\u017ekou \u010di spr\u00e1vn\u011b vlepen\u00e9ho slova. V centru jeho tvorby stoj\u00ed v\u017edy co nejvy\u0161\u0161\u00ed smyslovost \u010di sensori\u010dnost estetick\u00e9ho vn\u00edm\u00e1n\u00ed, maxim\u00e1ln\u00ed kontakt s jazykem a jeho rovinami v \u010dase a prostoru.<\/p>\n\n\n\n<p class=\"has-text-align-right\">vy\u0161lo 07 | 2021<br>ISBN 978-80-87705-83-4<br>216 stran, doporu\u010den\u00e1 cena: 350 K\u010d<\/p>\n\n\n\n<p class=\"has-text-align-right\">P\u0159eklad Pavel Novotn\u00fd<\/p>\n\n\n\n<p class=\"has-text-align-right\"><a rel=\"noreferrer noopener\" href=\"http:\/\/rubato.cz\/wp-content\/uploads\/2021\/07\/ukazka_ruhm_prurez.pdf\" target=\"_blank\">UK\u00c1ZKA<\/a><\/p>\n\n\n\n<figure class=\"wp-block-image size-large\"><a href=\"http:\/\/rubato.cz\/wp-content\/uploads\/2021\/07\/ruhm.jpg\"><img loading=\"lazy\" decoding=\"async\" width=\"640\" height=\"853\" src=\"http:\/\/rubato.cz\/wp-content\/uploads\/2021\/07\/ruhm.jpg\" alt=\"\" class=\"wp-image-2025\" srcset=\"http:\/\/rubato.cz\/wp-content\/uploads\/2021\/07\/ruhm.jpg 640w, http:\/\/rubato.cz\/wp-content\/uploads\/2021\/07\/ruhm-225x300.jpg 225w\" sizes=\"auto, (max-width: 640px) 100vw, 640px\" \/><\/a><\/figure>\n","protected":false},"excerpt":{"rendered":"<p>Gerhard R\u00fchm (*1930) pat\u0159\u00ed ke kl\u00ed\u010dov\u00fdm postav\u00e1m evropsk\u00e9 liter\u00e1rn\u00ed neoavantgardy. Studoval hudbu, specializoval se na dodekafonii a orient\u00e1ln\u00ed hudebn\u00ed postupy, v pades\u00e1t\u00fdch a \u0161edes\u00e1t\u00fdch letech byl \u010dlenem legend\u00e1rn\u00ed Wiener Gruppe, pozd\u011bji p\u016fsobil v Berl\u00edn\u011b a Hamburku, dnes \u017eije a tvo\u0159\u00ed v Kol\u00edn\u011b nad R\u00fdnem. Jeho tvorba se vyzna\u010duje intermedi\u00e1ln\u00edmi pr\u016fniky mezi jazykem a hudbou, tak\u00e9 [&hellip;]<\/p>\n","protected":false},"author":1,"featured_media":0,"comment_status":"open","ping_status":"open","sticky":false,"template":"","format":"standard","meta":{"footnotes":""},"categories":[1],"tags":[248,32,249,250],"class_list":["post-2015","post","type-post","status-publish","format-standard","hentry","category-oknihach","tag-gerhard-ruhm","tag-poezie","tag-prurez","tag-wiener-gruppe"],"_links":{"self":[{"href":"http:\/\/rubato.cz\/index.php?rest_route=\/wp\/v2\/posts\/2015","targetHints":{"allow":["GET"]}}],"collection":[{"href":"http:\/\/rubato.cz\/index.php?rest_route=\/wp\/v2\/posts"}],"about":[{"href":"http:\/\/rubato.cz\/index.php?rest_route=\/wp\/v2\/types\/post"}],"author":[{"embeddable":true,"href":"http:\/\/rubato.cz\/index.php?rest_route=\/wp\/v2\/users\/1"}],"replies":[{"embeddable":true,"href":"http:\/\/rubato.cz\/index.php?rest_route=%2Fwp%2Fv2%2Fcomments&post=2015"}],"version-history":[{"count":5,"href":"http:\/\/rubato.cz\/index.php?rest_route=\/wp\/v2\/posts\/2015\/revisions"}],"predecessor-version":[{"id":2523,"href":"http:\/\/rubato.cz\/index.php?rest_route=\/wp\/v2\/posts\/2015\/revisions\/2523"}],"wp:attachment":[{"href":"http:\/\/rubato.cz\/index.php?rest_route=%2Fwp%2Fv2%2Fmedia&parent=2015"}],"wp:term":[{"taxonomy":"category","embeddable":true,"href":"http:\/\/rubato.cz\/index.php?rest_route=%2Fwp%2Fv2%2Fcategories&post=2015"},{"taxonomy":"post_tag","embeddable":true,"href":"http:\/\/rubato.cz\/index.php?rest_route=%2Fwp%2Fv2%2Ftags&post=2015"}],"curies":[{"name":"wp","href":"https:\/\/api.w.org\/{rel}","templated":true}]}}