{"id":2169,"date":"2022-11-22T18:21:06","date_gmt":"2022-11-22T18:21:06","guid":{"rendered":"http:\/\/rubato.cz\/?p=2169"},"modified":"2025-01-02T09:29:32","modified_gmt":"2025-01-02T09:29:32","slug":"rene-crevel-moje-telo-a-ja","status":"publish","type":"post","link":"http:\/\/rubato.cz\/?p=2169","title":{"rendered":"Ren\u00e9 Crevel \u2014 Moje t\u011blo a j\u00e1"},"content":{"rendered":"\n<p>Ren\u00e9 Crevel (1900\u20131935) pat\u0159il k j\u00e1dru surrealistick\u00e9 skupiny, v n\u00ed\u017e proslul zejm\u00e9na pr\u016fzkumem snov\u00fdch stav\u016f. \u201eJako se n\u011bkdo rod\u00ed modrook\u00fd, narodil se on jako vzbou\u0159enec,\u201c napsal o n\u011bm Philippe Soupault. Andr\u00e9 Breton: \u201eV jeho kr\u00e1sn\u00e9m chlapeck\u00e9m pohledu, v kouzlu, kter\u00fdm p\u016fsob\u00ed, v obav\u00e1ch a vyz\u00fdvavosti, kter\u00e9 se v n\u011bm stejn\u011b snadno probouzej\u00ed\u2026 v tom v\u0161em p\u0159evl\u00e1d\u00e1 \u00fazkost.\u201c<\/p>\n\n\n\n<p>Na rozd\u00edl od v\u011bt\u0161iny surrealist\u016f napsal Crevel jen hrst b\u00e1sn\u00ed, neuzn\u00e1val ani princip automatick\u00e9ho psan\u00ed. Jeho \u017e\u00e1nry byly jist\u00fd druh rom\u00e1nu a esej, od sebereflexe po pamflet odr\u00e1\u017eej\u00edc\u00ed jeho silnou politickou anga\u017eovanost. Kdy\u017e se mu r. 1935 b\u011bhem protinacistick\u00e9ho Kongresu spisovatel\u016f na obranu kultury nepoda\u0159ilo urovnat roztr\u017eku mezi surrealisty a sov\u011btskou delegac\u00ed, kter\u00e1 prosadila jejich vylou\u010den\u00ed, sp\u00e1chal Crevel sebevra\u017edu. P\u0159isp\u011bla k tomu i jeho znovu se rozm\u00e1haj\u00edc\u00ed tuberkul\u00f3za; p\u0159edstava sebevra\u017edy ho v\u0161ak prov\u00e1zela cel\u00fdm \u017eivotem.<\/p>\n\n\n\n<p><em>Moje t\u011blo a j\u00e1<\/em> z r. 1925 je kniha prvn\u00edho bilancov\u00e1n\u00ed. Crevel ji psal v dob\u011b, kdy se na\u010das vzd\u00e1lil surrealist\u016fm a p\u0159idal se ke kon\u010d\u00edc\u00edmu hnut\u00ed dada, podn\u011btem k n\u00ed byla pot\u0159eba nov\u00e9 rovnov\u00e1hy. Je p\u0159\u00edmo\u010dar\u00fdm zamy\u0161len\u00edm nad vlastn\u00edm \u017eivotem, kter\u00e9 chce skoncovat se v\u0161emi \u00fahybn\u00fdmi man\u00e9vry a s t\u00edm, \u010demu autor jinde \u0159\u00edk\u00e1 \u201eml\u017eno v du\u0161i\u201c. Surrealistick\u00e1 je p\u0159edev\u0161\u00edm v t\u00e9to up\u0159\u00edmnosti a v d\u016frazu na \u00faplnost \u010dlov\u011bka i na podstatnou \u00falohu jeho t\u011blesnosti.<\/p>\n\n\n\n<p class=\"has-text-align-right\">vy\u0161lo 11 | 2022<br>ISBN 978-80-87705-94-0<br>152 stran, doporu\u010den\u00e1 cena: 230 K\u010d<\/p>\n\n\n\n<p class=\"has-text-align-right\">P\u0159eklad V\u00e1clav Jamek<\/p>\n\n\n\n<p class=\"has-text-align-right\"><a href=\"http:\/\/rubato.cz\/wp-content\/uploads\/2022\/11\/Ukazka_Crevel_Moje_telo_a_ja.pdf\">UK\u00c1ZKA<\/a><\/p>\n\n\n\n<figure class=\"wp-block-image size-large\"><a href=\"http:\/\/rubato.cz\/wp-content\/uploads\/2022\/11\/315903208_568846408574480_9036095524766727889_n.jpg\"><img loading=\"lazy\" decoding=\"async\" width=\"1024\" height=\"768\" src=\"http:\/\/rubato.cz\/wp-content\/uploads\/2022\/11\/315903208_568846408574480_9036095524766727889_n-1024x768.jpg\" alt=\"\" class=\"wp-image-2172\" srcset=\"http:\/\/rubato.cz\/wp-content\/uploads\/2022\/11\/315903208_568846408574480_9036095524766727889_n-1024x768.jpg 1024w, http:\/\/rubato.cz\/wp-content\/uploads\/2022\/11\/315903208_568846408574480_9036095524766727889_n-300x225.jpg 300w, http:\/\/rubato.cz\/wp-content\/uploads\/2022\/11\/315903208_568846408574480_9036095524766727889_n-768x576.jpg 768w, http:\/\/rubato.cz\/wp-content\/uploads\/2022\/11\/315903208_568846408574480_9036095524766727889_n.jpg 1280w\" sizes=\"auto, (max-width: 1024px) 100vw, 1024px\" \/><\/a><\/figure>\n","protected":false},"excerpt":{"rendered":"<p>Ren\u00e9 Crevel (1900\u20131935) pat\u0159il k j\u00e1dru surrealistick\u00e9 skupiny, v n\u00ed\u017e proslul zejm\u00e9na pr\u016fzkumem snov\u00fdch stav\u016f. \u201eJako se n\u011bkdo rod\u00ed modrook\u00fd, narodil se on jako vzbou\u0159enec,\u201c napsal o n\u011bm Philippe Soupault. Andr\u00e9 Breton: \u201eV jeho kr\u00e1sn\u00e9m chlapeck\u00e9m pohledu, v kouzlu, kter\u00fdm p\u016fsob\u00ed, v obav\u00e1ch a vyz\u00fdvavosti, kter\u00e9 se v n\u011bm stejn\u011b snadno probouzej\u00ed\u2026 v tom v\u0161em [&hellip;]<\/p>\n","protected":false},"author":1,"featured_media":0,"comment_status":"open","ping_status":"open","sticky":false,"template":"","format":"standard","meta":{"footnotes":""},"categories":[1],"tags":[275,12],"class_list":["post-2169","post","type-post","status-publish","format-standard","hentry","category-oknihach","tag-crevel","tag-proza"],"_links":{"self":[{"href":"http:\/\/rubato.cz\/index.php?rest_route=\/wp\/v2\/posts\/2169","targetHints":{"allow":["GET"]}}],"collection":[{"href":"http:\/\/rubato.cz\/index.php?rest_route=\/wp\/v2\/posts"}],"about":[{"href":"http:\/\/rubato.cz\/index.php?rest_route=\/wp\/v2\/types\/post"}],"author":[{"embeddable":true,"href":"http:\/\/rubato.cz\/index.php?rest_route=\/wp\/v2\/users\/1"}],"replies":[{"embeddable":true,"href":"http:\/\/rubato.cz\/index.php?rest_route=%2Fwp%2Fv2%2Fcomments&post=2169"}],"version-history":[{"count":6,"href":"http:\/\/rubato.cz\/index.php?rest_route=\/wp\/v2\/posts\/2169\/revisions"}],"predecessor-version":[{"id":2561,"href":"http:\/\/rubato.cz\/index.php?rest_route=\/wp\/v2\/posts\/2169\/revisions\/2561"}],"wp:attachment":[{"href":"http:\/\/rubato.cz\/index.php?rest_route=%2Fwp%2Fv2%2Fmedia&parent=2169"}],"wp:term":[{"taxonomy":"category","embeddable":true,"href":"http:\/\/rubato.cz\/index.php?rest_route=%2Fwp%2Fv2%2Fcategories&post=2169"},{"taxonomy":"post_tag","embeddable":true,"href":"http:\/\/rubato.cz\/index.php?rest_route=%2Fwp%2Fv2%2Ftags&post=2169"}],"curies":[{"name":"wp","href":"https:\/\/api.w.org\/{rel}","templated":true}]}}